{"id":509,"date":"2024-05-22T02:28:10","date_gmt":"2024-05-22T02:28:10","guid":{"rendered":"http:\/\/95.188.69.241:3000\/?p=509"},"modified":"2024-09-02T19:51:11","modified_gmt":"2024-09-02T19:51:11","slug":"yapay-zeka-ve-fotografcilik-sanatin-yeni-cagi-mi-yoksa-sonu-mu","status":"publish","type":"post","link":"https:\/\/kemalozturk.com\/index.php\/yapay-zeka-ve-fotografcilik-sanatin-yeni-cagi-mi-yoksa-sonu-mu\/","title":{"rendered":"Yapay Zeka ve Foto\u011fraf\u00e7\u0131l\u0131k: Sanat\u0131n Yeni \u00c7a\u011f\u0131 m\u0131, Yoksa Sonu mu?"},"content":{"rendered":"\n<h4 class=\"wp-block-heading\"><strong>Yapay Zeka ve Foto\u011fraf\u00e7\u0131l\u0131k \u00dczerine Bir Sohbet: Sanat\u0131n Yeni \u00c7a\u011f\u0131 m\u0131, Yoksa Sonu mu?<\/strong><\/h4>\n\n\n\n<p>Merhaba! Bug\u00fcn sizlerle benim i\u00e7in olduk\u00e7a \u00f6nemli bir konuyu, yapay zekan\u0131n (AI) foto\u011fraf\u00e7\u0131l\u0131k \u00fczerindeki etkilerini konu\u015fmak istiyorum. Foto\u011fraf\u00e7\u0131l\u0131k, benim i\u00e7in sadece bir meslek de\u011fil, ayn\u0131 zamanda bir tutku ve ifade bi\u00e7imi. Ancak son y\u0131llarda, teknoloji ve \u00f6zellikle yapay zeka, bu alanda b\u00fcy\u00fck de\u011fi\u015fimlere yol a\u00e7t\u0131. Hem heyecan verici hem de d\u00fc\u015f\u00fcnd\u00fcr\u00fcc\u00fc olan bu de\u011fi\u015fimleri biraz daha yak\u0131ndan incelemek istiyorum.<\/p>\n\n\n\n<h4 class=\"wp-block-heading\"><strong>Yapay Zeka ile Foto\u011fraf\u00e7\u0131l\u0131k: \u0130yi Y\u00f6nler<\/strong><\/h4>\n\n\n\n<p>\u00d6ncelikle, yapay zekan\u0131n getirdi\u011fi kolayl\u0131klardan bahsetmek istiyorum. Mesela, eskiden saatlerimizi harcad\u0131\u011f\u0131m\u0131z d\u00fczenleme i\u015flemleri art\u0131k AI destekli ara\u00e7larla birka\u00e7 dakika i\u00e7inde halledilebiliyor. Adobe&#8217;un yapay zeka tabanl\u0131 ara\u00e7lar\u0131, portrelerdeki kusurlar\u0131 otomatik olarak d\u00fczeltiyor ya da arka planlar\u0131 tek bir t\u0131klamayla de\u011fi\u015ftirebiliyor. \u0130\u015fte tam da bu noktada, bu teknolojilerin foto\u011fraf\u00e7\u0131l\u0131\u011f\u0131 nas\u0131l daha eri\u015filebilir hale getirdi\u011fini g\u00f6r\u00fcyoruz. Profesyonel d\u00fczeyde d\u00fczenlemeler art\u0131k amat\u00f6rlerin bile ula\u015fabilece\u011fi bir seviyede.<\/p>\n\n\n\n<p>Yarat\u0131c\u0131l\u0131k a\u00e7\u0131s\u0131ndan da AI&#8217;n\u0131n sundu\u011fu inan\u0131lmaz f\u0131rsatlar var. \u00d6rne\u011fin, AI destekli ara\u00e7larla daha \u00f6nce m\u00fcmk\u00fcn olmayan foto\u011fraf stilleri olu\u015fturmak art\u0131k \u00e7ok kolay. Sinematik renk tonlar\u0131ndan s\u00fcrreal manzaralara kadar, AI&#8217;n\u0131n sundu\u011fu yarat\u0131c\u0131 imkanlar neredeyse s\u0131n\u0131rs\u0131z. Hatta, yapay zeka tabanl\u0131 programlar, foto\u011fraflar\u0131m\u0131z\u0131 sanat eserlerine d\u00f6n\u00fc\u015ft\u00fcrebiliyor. Bu da bize, her seferinde farkl\u0131 bir perspektiften bakma f\u0131rsat\u0131 veriyor.<\/p>\n\n\n\n<h4 class=\"wp-block-heading\"><strong>Yapay Zekan\u0131n Foto\u011fraf\u00e7\u0131l\u0131\u011fa Getirdi\u011fi Zorluklar<\/strong><\/h4>\n\n\n\n<p>Ancak, her g\u00fcl\u00fcn dikeni oldu\u011fu gibi, yapay zekan\u0131n da getirdi\u011fi baz\u0131 zorluklar var. \u0130lk olarak, AI ile \u00fcretilen g\u00f6rsellerin orijinallik sorununu ele almak istiyorum. Yapay zeka algoritmalar\u0131 belirli verilerle e\u011fitildi\u011finden, bu sistemlerin \u00e7\u0131kt\u0131lar\u0131 s\u0131kl\u0131kla birbirine benzeyebiliyor. Bu durum, foto\u011fraf\u00e7\u0131l\u0131\u011f\u0131n temelinde yatan yarat\u0131c\u0131l\u0131\u011f\u0131 ve bireyselli\u011fi tehdit edebilir. Foto\u011fraf\u00e7\u0131l\u0131\u011f\u0131n \u00f6z\u00fcnde yatan &#8220;benzersizlik&#8221; kavram\u0131, AI&#8217;n\u0131n tekd\u00fcze sonu\u00e7lar\u0131yla zedelenebilir.<\/p>\n\n\n\n<p>Ayr\u0131ca, AI&#8217;n\u0131n foto\u011fraf\u00e7\u0131l\u0131k alan\u0131ndaki yayg\u0131nla\u015fmas\u0131, profesyonel foto\u011fraf\u00e7\u0131lar\u0131n i\u015flerini de tehdit edebilir. D\u00fc\u015f\u00fcn\u00fcn ki, otomasyon sayesinde belirli foto\u011fraf t\u00fcrleri \u00e7ok daha kolay bir \u015fekilde \u00fcretilebiliyor. \u00d6zellikle stok foto\u011fraf\u00e7\u0131l\u0131k gibi alanlarda, AI destekli sistemlerin \u00fcretkenli\u011fi, insan foto\u011fraf\u00e7\u0131lar\u0131n rekabet g\u00fcc\u00fcn\u00fc zay\u0131flatabilir. Bu da sekt\u00f6rdeki i\u015f g\u00fcc\u00fcn\u00fcn de\u011ferini azaltabilir.<\/p>\n\n\n\n<h4 class=\"wp-block-heading\"><strong>Ki\u015fisel Deneyimlerim ve G\u00f6zlemlerim<\/strong><\/h4>\n\n\n\n<p>Bu noktada, kendi deneyimlerimden birka\u00e7 \u00f6rnek vermek istiyorum. Birka\u00e7 y\u0131l \u00f6nce, bir do\u011fa foto\u011fraf\u0131 serisi \u00fczerinde \u00e7al\u0131\u015f\u0131yordum. Amac\u0131m, tamamen do\u011fal \u0131\u015f\u0131k ve manzaralarla benzersiz kareler yakalamakt\u0131. Ancak, ayn\u0131 b\u00f6lgede AI destekli bir drone ile \u00e7ekim yapan bir ekip vard\u0131. Onlar\u0131n \u00e7ekti\u011fi g\u00f6r\u00fcnt\u00fcler inan\u0131lmaz derecede detayl\u0131 ve kusursuzdu, ama benim \u00e7ekti\u011fim foto\u011fraflarda hissetti\u011fim o &#8220;do\u011fall\u0131k&#8221; ve &#8220;anl\u0131k&#8221; duygu eksikti. Bu deneyim bana, AI&#8217;n\u0131n sundu\u011fu teknik m\u00fckemmeliyetin, insan elinden \u00e7\u0131kan sanat\u0131n ruhunu tam olarak yans\u0131tamayaca\u011f\u0131n\u0131 d\u00fc\u015f\u00fcnd\u00fcrd\u00fc.<\/p>\n\n\n\n<p>\u00d6te yandan, baz\u0131 projelerde AI&#8217;n\u0131n sundu\u011fu imkanlardan da faydaland\u0131m. \u00d6rne\u011fin, b\u00fcy\u00fck bir portre serisi d\u00fczenlerken, AI destekli d\u00fczenleme ara\u00e7lar\u0131 sayesinde zamandan b\u00fcy\u00fck tasarruf ettim. Bu da bana, as\u0131l \u00f6nemli olan yarat\u0131c\u0131 s\u00fcre\u00e7lere daha fazla odaklanma imkan\u0131 verdi. \u0130\u015fte tam da bu noktada, AI&#8217;n\u0131n sanat\u0131 destekleyen bir ara\u00e7 olarak nas\u0131l etkili bir \u015fekilde kullan\u0131labilece\u011fini g\u00f6r\u00fcyoruz.<\/p>\n\n\n\n<h4 class=\"wp-block-heading\"><strong>Gelece\u011fe Dair D\u00fc\u015f\u00fcncelerim<\/strong><\/h4>\n\n\n\n<p>Peki, yapay zeka foto\u011fraf\u00e7\u0131l\u0131\u011f\u0131 nereye g\u00f6t\u00fcrecek? A\u00e7\u0131k\u00e7as\u0131, bu sorunun kesin bir cevab\u0131 yok. Yapay zeka, foto\u011fraf\u00e7\u0131l\u0131\u011f\u0131 daha eri\u015filebilir, daha yarat\u0131c\u0131 ve teknik olarak daha m\u00fckemmel bir hale getiriyor. Ancak, ayn\u0131 zamanda bu teknolojinin, foto\u011fraf\u00e7\u0131l\u0131\u011f\u0131n \u00f6z\u00fcndeki sanatsal ve insani dokuyu nas\u0131l etkileyece\u011fi konusunda endi\u015felerim var. Foto\u011fraf\u00e7\u0131l\u0131\u011f\u0131n gelece\u011fi, insan ve yapay zekan\u0131n nas\u0131l bir arada \u00e7al\u0131\u015faca\u011f\u0131n\u0131 belirleyecek. Belki de en iyi \u00e7\u00f6z\u00fcm, bu iki d\u00fcnyan\u0131n en iyi y\u00f6nlerini bir araya getirerek, hem insan dokunu\u015funu hem de teknolojinin sundu\u011fu imkanlar\u0131 birle\u015ftirmek olacakt\u0131r.<\/p>\n","protected":false},"excerpt":{"rendered":"<p>Yapay Zeka ve Foto\u011fraf\u00e7\u0131l\u0131k \u00dczerine Bir Sohbet: Sanat\u0131n Yeni \u00c7a\u011f\u0131 m\u0131, Yoksa Sonu mu? Merhaba! Bug\u00fcn sizlerle benim i\u00e7in olduk\u00e7a \u00f6nemli bir konuyu, yapay zekan\u0131n (AI) foto\u011fraf\u00e7\u0131l\u0131k \u00fczerindeki etkilerini konu\u015fmak istiyorum. Foto\u011fraf\u00e7\u0131l\u0131k, benim i\u00e7in sadece bir meslek de\u011fil, ayn\u0131 zamanda bir tutku ve ifade bi\u00e7imi. Ancak son y\u0131llarda, teknoloji ve \u00f6zellikle yapay zeka, bu alanda [&hellip;]<\/p>\n","protected":false},"author":1,"featured_media":2526,"comment_status":"closed","ping_status":"closed","sticky":false,"template":"","format":"standard","meta":{"_acf_changed":false,"footnotes":""},"categories":[4,47],"tags":[14,16,17],"class_list":["post-509","post","type-post","status-publish","format-standard","has-post-thumbnail","hentry","category-development","category-photography","tag-creative","tag-design","tag-develop"],"acf":[],"_links":{"self":[{"href":"https:\/\/kemalozturk.com\/index.php\/wp-json\/wp\/v2\/posts\/509","targetHints":{"allow":["GET"]}}],"collection":[{"href":"https:\/\/kemalozturk.com\/index.php\/wp-json\/wp\/v2\/posts"}],"about":[{"href":"https:\/\/kemalozturk.com\/index.php\/wp-json\/wp\/v2\/types\/post"}],"author":[{"embeddable":true,"href":"https:\/\/kemalozturk.com\/index.php\/wp-json\/wp\/v2\/users\/1"}],"replies":[{"embeddable":true,"href":"https:\/\/kemalozturk.com\/index.php\/wp-json\/wp\/v2\/comments?post=509"}],"version-history":[{"count":13,"href":"https:\/\/kemalozturk.com\/index.php\/wp-json\/wp\/v2\/posts\/509\/revisions"}],"predecessor-version":[{"id":2529,"href":"https:\/\/kemalozturk.com\/index.php\/wp-json\/wp\/v2\/posts\/509\/revisions\/2529"}],"wp:featuredmedia":[{"embeddable":true,"href":"https:\/\/kemalozturk.com\/index.php\/wp-json\/wp\/v2\/media\/2526"}],"wp:attachment":[{"href":"https:\/\/kemalozturk.com\/index.php\/wp-json\/wp\/v2\/media?parent=509"}],"wp:term":[{"taxonomy":"category","embeddable":true,"href":"https:\/\/kemalozturk.com\/index.php\/wp-json\/wp\/v2\/categories?post=509"},{"taxonomy":"post_tag","embeddable":true,"href":"https:\/\/kemalozturk.com\/index.php\/wp-json\/wp\/v2\/tags?post=509"}],"curies":[{"name":"wp","href":"https:\/\/api.w.org\/{rel}","templated":true}]}}